{"id":912,"date":"2026-04-28T12:33:47","date_gmt":"2026-04-28T12:33:47","guid":{"rendered":"https:\/\/carershelp.com\/it\/?p=912"},"modified":"2026-04-28T13:04:33","modified_gmt":"2026-04-28T13:04:33","slug":"vestire-chi-soffre-di-alzheimer-un-gesto-di-cura","status":"publish","type":"post","link":"https:\/\/carershelp.com\/it\/vestire-chi-soffre-di-alzheimer-un-gesto-di-cura\/","title":{"rendered":"Vestire chi soffre di Alzheimer: un gesto di cura"},"content":{"rendered":"<h3><strong>Guida pratica per caregiver familiari e professionali\u00a0<\/strong><\/h3>\n<p><span style=\"font-weight: 400;\">Aiutare una persona con Alzheimer a vestirsi pu\u00f2 sembrare un compito semplice, ma nel tempo diventa una delle sfide quotidiane pi\u00f9 delicate. Non si tratta solo di abiti: si tratta di preservare la dignit\u00e0, favorire l\u2019autonomia residua e rendere un momento potenzialmente stressante il pi\u00f9 sereno possibile \u2014 per il tuo caro e per te.<\/span><\/p>\n<p><span style=\"font-weight: 400;\">I consigli fondamentali:<\/span><\/p>\n<ol>\n<li><strong> Scegli abiti semplici da indossare<\/strong><\/li>\n<\/ol>\n<p><span style=\"font-weight: 400;\">La semplicit\u00e0 \u00e8 la parola chiave. Pi\u00f9 un capo \u00e8 facile da mettere e togliere, meno frustrazione si crea per entrambi.<\/span><\/p>\n<ul>\n<li><span style=\"font-weight: 400;\">Preferisci elastici invece di bottoni, cerniere o cinture<\/span><\/li>\n<li><span style=\"font-weight: 400;\">Scegli maglie con scollo ampio e vestiti con chiusura sul davanti<\/span><\/li>\n<li><span style=\"font-weight: 400;\">Evita capi con fili, nastrini o dettagli che possono confondere<\/span><\/li>\n<li><span style=\"font-weight: 400;\">Le scarpe con il velcro sono molto pi\u00f9 pratiche delle stringhe<\/span><\/li>\n<\/ul>\n<ol start=\"2\">\n<li><strong> Punta sul comfort e sui tessuti naturali<\/strong><\/li>\n<\/ol>\n<p><span style=\"font-weight: 400;\">Con il progredire della malattia, la sensibilit\u00e0 alla texture e alla temperatura pu\u00f2 cambiare. Il comfort fisico diventa essenziale.<\/span><\/p>\n<ul>\n<li><span style=\"font-weight: 400;\">Cotone e lino sono i migliori alleati: traspiranti e morbidi<\/span><\/li>\n<li><span style=\"font-weight: 400;\">Evita tessuti che grattano, pizzicano o danno fastidio ai polsi<\/span><\/li>\n<li><span style=\"font-weight: 400;\">Attenzione alle etichette interne: rimuovile se causano irritazione<\/span><\/li>\n<li><span style=\"font-weight: 400;\">Verifica sempre che le cuciture non creino pressione sulla pelle<\/span><\/li>\n<\/ul>\n<ol start=\"3\">\n<li><strong> Riduci le scelte, ma rispetta i gusti<\/strong><\/li>\n<\/ol>\n<p><span style=\"font-weight: 400;\">Troppe opzioni possono generare ansia e confusione. Allo stesso tempo, mantenere un senso dell\u2019identit\u00e0 attraverso i vestiti \u00e8 prezioso per la persona.<\/span><\/p>\n<ul>\n<li><span style=\"font-weight: 400;\">Offri al massimo due opzioni: \u201cVuoi questa maglietta blu o quella rossa?\u201d<\/span><\/li>\n<li><span style=\"font-weight: 400;\">Tieni nell\u2019armadio solo i capi della stagione in corso<\/span><\/li>\n<li><span style=\"font-weight: 400;\">Mantieni, se possibile, lo stile e i colori che la persona ha sempre amato<\/span><\/li>\n<li><span style=\"font-weight: 400;\">Prepara gli abiti la sera prima per semplificare la mattina<\/span><\/li>\n<\/ul>\n<ol start=\"4\">\n<li><strong> Favorisci l\u2019autonomia residua<\/strong><\/li>\n<\/ol>\n<p><span style=\"font-weight: 400;\">Anche se la persona fatica, lasciare che partecipi al vestirsi rafforza la sua dignit\u00e0 e autostima. Non fare per lei quello che pu\u00f2 ancora fare da sola.<\/span><\/p>\n<ul>\n<li><span style=\"font-weight: 400;\">Inizia tu il gesto e lascia che finisca, se possibile<\/span><\/li>\n<li><span style=\"font-weight: 400;\">Usa istruzioni brevi, una per volta: \u201cMetti il braccio qui\u201d<\/span><\/li>\n<li><span style=\"font-weight: 400;\">Usa gesti e dimostrazioni invece di sole parole<\/span><\/li>\n<li><span style=\"font-weight: 400;\">Celebra ogni piccola cosa che riesce a fare da sola<\/span><\/li>\n<\/ul>\n<ol start=\"5\">\n<li><strong> Scegli il momento giusto<\/strong><\/li>\n<\/ol>\n<p><span style=\"font-weight: 400;\">Le persone con Alzheimer hanno spesso momenti della giornata in cui sono pi\u00f9 lucide e collaborative. Conoscere questi ritmi pu\u00f2 fare una grande differenza.<\/span><\/p>\n<ul>\n<li><span style=\"font-weight: 400;\">Evita di vestire la persona quando \u00e8 stanca, agitata o affamata<\/span><\/li>\n<li><span style=\"font-weight: 400;\">Il mattino, dopo un buon riposo, \u00e8 spesso il momento migliore<\/span><\/li>\n<li><span style=\"font-weight: 400;\">Crea un ambiente tranquillo: meno distrazioni, meno stress<\/span><\/li>\n<li><span style=\"font-weight: 400;\">Musica familiare in sottofondo pu\u00f2 aiutare a rilassare<\/span><\/li>\n<\/ul>\n<ol start=\"6\">\n<li><strong> Comunicazione e approccio<\/strong><\/li>\n<\/ol>\n<p><span style=\"font-weight: 400;\">Il modo in cui parli e ti muovi influenza profondamente la risposta della persona. Calma, lentezza e dolcezza sono i tuoi strumenti pi\u00f9 efficaci.<\/span><\/p>\n<ul>\n<li><span style=\"font-weight: 400;\">Annuncia sempre cosa stai per fare prima di toccarla<\/span><\/li>\n<li><span style=\"font-weight: 400;\">Parla con tono basso, caldo e rassicurante<\/span><\/li>\n<li><span style=\"font-weight: 400;\">Se si oppone, non insistere: fai una pausa e riprova dopo<\/span><\/li>\n<li><span style=\"font-weight: 400;\">Sorridi: le emozioni si trasmettono anche quando le parole non arrivano<\/span><\/li>\n<\/ul>\n<h4><strong>Una routine che funziona<\/strong><\/h4>\n<p><span style=\"font-weight: 400;\">Prima di iniziare \u2014 Disponi gli abiti nell\u2019ordine in cui verranno indossati (biancheria, calze, pantaloni, maglia). Assicurati che la stanza sia alla giusta temperatura.<\/span><\/p>\n<p><span style=\"font-weight: 400;\">Entrare in contatto \u2014 Saluta, sorridi, tocca delicatamente una mano. Dai tempo alla persona di orientarsi e capire chi sei prima di iniziare.<\/span><\/p>\n<p><span style=\"font-weight: 400;\">Annuncia i passi \u2014 \u201cAdesso mettiamo i calzini\u201d, poi aspetti, poi il passo successivo. Evita di sovraccaricare con troppe istruzioni insieme.<\/span><\/p>\n<p><span style=\"font-weight: 400;\">Durante \u2014 Se la persona mostra disagio, dolore o agitazione, fermati. Valuta se c\u2019\u00e8 un problema fisico (dolori articolari, temperatura) o emotivo.<\/span><\/p>\n<p><span style=\"font-weight: 400;\">Al termine \u2014 Un complimento sincero (\u201cStai benissimo oggi!\u201d) pu\u00f2 illuminare la giornata di entrambi e rafforzare la connessione.<\/span><\/p>\n<h4><strong>Cosa evitare<\/strong><\/h4>\n<p><span style=\"font-weight: 400;\">Non rimproverare e non correggere duramente. Se la persona indossa qualcosa al contrario o vuole mettere la stessa maglia per tre giorni, valuta se sia davvero un problema. A volte la battaglia non vale lo stress che genera.<\/span><\/p>\n<p><span style=\"font-weight: 400;\">Non affrettare i tempi. La fretta \u00e8 il peggior nemico di questo momento. Se il tempo \u00e8 poco, sveglia la persona prima o semplifica l\u2019abbigliamento del giorno.<\/span><\/p>\n<p><span style=\"font-weight: 400;\">Non escluderla dal processo. Anche se ci vorr\u00e0 il doppio del tempo, coinvolgere la persona la fa sentire rispettata. L\u2019efficienza non deve superare la dignit\u00e0.<\/span><\/p>\n<p><span style=\"font-weight: 400;\">Non trascurare te stesso. Prendersi cura di qualcuno con Alzheimer \u00e8 stancante. Cerca supporto, condividi il carico con altri familiari o professionisti, e ricorda che il tuo benessere conta tanto quanto quello del tuo caro.<\/span><\/p>\n<p>&nbsp;<\/p>\n<p><span style=\"font-weight: 400;\">Ogni giorno che riesci a rendere un po\u2019 pi\u00f9 sereno il momento del vestirsi \u00e8 una piccola vittoria. Non cercare la perfezione \u2014 cerca la connessione.<\/span><\/p>\n<p><span style=\"font-weight: 400;\">Questo articolo ha scopo informativo. Per situazioni specifiche, consulta sempre il medico di riferimento o uno specialista in neurologia\/geriatria.<\/span><\/p>\n","protected":false},"excerpt":{"rendered":"<p>Guida pratica per caregiver familiari e professionali\u00a0 Aiutare una persona con Alzheimer a vestirsi pu\u00f2 sembrare un compito semplice, ma nel tempo diventa una delle sfide quotidiane pi\u00f9 delicate. Non si tratta solo di abiti: si tratta di preservare la dignit\u00e0, favorire l\u2019autonomia residua e rendere un momento potenzialmente stressante il pi\u00f9 sereno possibile \u2014&hellip; <a class=\"more-link\" href=\"https:\/\/carershelp.com\/it\/vestire-chi-soffre-di-alzheimer-un-gesto-di-cura\/\">Continua a leggere <span class=\"screen-reader-text\">Vestire chi soffre di Alzheimer: un gesto di cura<\/span><\/a><\/p>\n","protected":false},"author":1,"featured_media":913,"comment_status":"open","ping_status":"open","sticky":false,"template":"","format":"gallery","meta":{"_acf_changed":false,"inline_featured_image":false,"footnotes":""},"categories":[1],"tags":[99,103,138],"class_list":["post-912","post","type-post","status-publish","format-gallery","has-post-thumbnail","hentry","category-articles-news","tag-caregiving","tag-carers-support","tag-how-to-dress-someone-with-dementia","post_format-post-format-gallery","entry"],"acf":[],"yoast_head":"<!-- This site is optimized with the Yoast SEO plugin v26.6 - https:\/\/yoast.com\/wordpress\/plugins\/seo\/ -->\n<title>Vestire chi soffre di Alzheimer: un gesto di cura<\/title>\n<meta name=\"description\" content=\"Guida pratica per caregiver familiari e professionali per rendere pi\u00f9 sereno il momento del vestirsi per una persona affetta da Alzheimer.\" \/>\n<meta name=\"robots\" content=\"index, follow, max-snippet:-1, max-image-preview:large, max-video-preview:-1\" \/>\n<link rel=\"canonical\" href=\"https:\/\/carershelp.com\/it\/vestire-chi-soffre-di-alzheimer-un-gesto-di-cura\/\" \/>\n<meta property=\"og:locale\" content=\"it_IT\" \/>\n<meta property=\"og:locale:alternate\" content=\"en_AU\" \/>\n<meta property=\"og:locale:alternate\" content=\"de_DE\" \/>\n<meta property=\"og:locale:alternate\" content=\"es_ES\" \/>\n<meta property=\"og:locale:alternate\" content=\"ro_RO\" \/>\n<meta property=\"og:type\" content=\"article\" \/>\n<meta property=\"og:title\" content=\"Vestire chi soffre di Alzheimer: un gesto di cura\" \/>\n<meta property=\"og:description\" content=\"Guida pratica per caregiver familiari e professionali per rendere pi\u00f9 sereno il momento del vestirsi per una persona affetta da Alzheimer.\" \/>\n<meta property=\"og:url\" content=\"https:\/\/carershelp.com\/it\/vestire-chi-soffre-di-alzheimer-un-gesto-di-cura\/\" \/>\n<meta property=\"og:site_name\" content=\"Carers Help\" \/>\n<meta property=\"article:published_time\" content=\"2026-04-28T12:33:47+00:00\" \/>\n<meta property=\"article:modified_time\" content=\"2026-04-28T13:04:33+00:00\" \/>\n<meta property=\"og:image\" content=\"https:\/\/carershelp.com\/wp-content\/uploads\/2026\/04\/Depositphotos_611760382_XL-scaled.jpg\" \/>\n\t<meta property=\"og:image:width\" content=\"2560\" \/>\n\t<meta property=\"og:image:height\" content=\"1707\" \/>\n\t<meta property=\"og:image:type\" content=\"image\/jpeg\" \/>\n<meta name=\"author\" content=\"Romina Sarcletti\" \/>\n<meta name=\"twitter:card\" content=\"summary_large_image\" \/>\n<meta name=\"twitter:label1\" content=\"Scritto da\" \/>\n\t<meta name=\"twitter:data1\" content=\"Romina Sarcletti\" \/>\n\t<meta name=\"twitter:label2\" content=\"Tempo di lettura stimato\" \/>\n\t<meta name=\"twitter:data2\" content=\"4 minuti\" \/>\n<script type=\"application\/ld+json\" class=\"yoast-schema-graph\">{\"@context\":\"https:\/\/schema.org\",\"@graph\":[{\"@type\":\"WebPage\",\"@id\":\"https:\/\/carershelp.com\/vestire-chi-soffre-di-alzheimer-un-gesto-di-cura\/\",\"url\":\"https:\/\/carershelp.com\/vestire-chi-soffre-di-alzheimer-un-gesto-di-cura\/\",\"name\":\"Vestire chi soffre di Alzheimer: un gesto di cura\",\"isPartOf\":{\"@id\":\"https:\/\/carershelp.com\/#website\"},\"primaryImageOfPage\":{\"@id\":\"https:\/\/carershelp.com\/vestire-chi-soffre-di-alzheimer-un-gesto-di-cura\/#primaryimage\"},\"image\":{\"@id\":\"https:\/\/carershelp.com\/vestire-chi-soffre-di-alzheimer-un-gesto-di-cura\/#primaryimage\"},\"thumbnailUrl\":\"https:\/\/carershelp.com\/wp-content\/uploads\/2026\/04\/Depositphotos_611760382_XL-scaled.jpg\",\"datePublished\":\"2026-04-28T12:33:47+00:00\",\"dateModified\":\"2026-04-28T13:04:33+00:00\",\"author\":{\"@id\":\"https:\/\/carershelp.com\/#\/schema\/person\/86f43778c849c89cf779ecca3af20f02\"},\"description\":\"Guida pratica per caregiver familiari e professionali per rendere pi\u00f9 sereno il momento del vestirsi per una persona affetta da Alzheimer.\",\"breadcrumb\":{\"@id\":\"https:\/\/carershelp.com\/vestire-chi-soffre-di-alzheimer-un-gesto-di-cura\/#breadcrumb\"},\"inLanguage\":\"it-IT\",\"potentialAction\":[{\"@type\":\"ReadAction\",\"target\":[\"https:\/\/carershelp.com\/vestire-chi-soffre-di-alzheimer-un-gesto-di-cura\/\"]}]},{\"@type\":\"ImageObject\",\"inLanguage\":\"it-IT\",\"@id\":\"https:\/\/carershelp.com\/vestire-chi-soffre-di-alzheimer-un-gesto-di-cura\/#primaryimage\",\"url\":\"https:\/\/carershelp.com\/wp-content\/uploads\/2026\/04\/Depositphotos_611760382_XL-scaled.jpg\",\"contentUrl\":\"https:\/\/carershelp.com\/wp-content\/uploads\/2026\/04\/Depositphotos_611760382_XL-scaled.jpg\",\"width\":2560,\"height\":1707},{\"@type\":\"BreadcrumbList\",\"@id\":\"https:\/\/carershelp.com\/vestire-chi-soffre-di-alzheimer-un-gesto-di-cura\/#breadcrumb\",\"itemListElement\":[{\"@type\":\"ListItem\",\"position\":1,\"name\":\"Home\",\"item\":\"https:\/\/carershelp.com\/it\/\"},{\"@type\":\"ListItem\",\"position\":2,\"name\":\"Dressing people with Alzheimer\u2019s: an act of care\"}]},{\"@type\":\"WebSite\",\"@id\":\"https:\/\/carershelp.com\/#website\",\"url\":\"https:\/\/carershelp.com\/\",\"name\":\"Carers Help\",\"description\":\"\",\"potentialAction\":[{\"@type\":\"SearchAction\",\"target\":{\"@type\":\"EntryPoint\",\"urlTemplate\":\"https:\/\/carershelp.com\/?s={search_term_string}\"},\"query-input\":{\"@type\":\"PropertyValueSpecification\",\"valueRequired\":true,\"valueName\":\"search_term_string\"}}],\"inLanguage\":\"it-IT\"},{\"@type\":\"Person\",\"@id\":\"https:\/\/carershelp.com\/#\/schema\/person\/86f43778c849c89cf779ecca3af20f02\",\"name\":\"Romina Sarcletti\",\"image\":{\"@type\":\"ImageObject\",\"inLanguage\":\"it-IT\",\"@id\":\"https:\/\/carershelp.com\/#\/schema\/person\/image\/\",\"url\":\"https:\/\/secure.gravatar.com\/avatar\/ebd734a6f3e0092b6c1ea946a644158d155f84eb8c5de49d325460f59a8fc2eb?s=96&d=mm&r=g\",\"contentUrl\":\"https:\/\/secure.gravatar.com\/avatar\/ebd734a6f3e0092b6c1ea946a644158d155f84eb8c5de49d325460f59a8fc2eb?s=96&d=mm&r=g\",\"caption\":\"Romina Sarcletti\"},\"sameAs\":[\"https:\/\/carershelp.com\"],\"url\":\"https:\/\/carershelp.com\/it\/author\/carers_admin\/\"}]}<\/script>\n<!-- \/ Yoast SEO plugin. -->","yoast_head_json":{"title":"Vestire chi soffre di Alzheimer: un gesto di cura","description":"Guida pratica per caregiver familiari e professionali per rendere pi\u00f9 sereno il momento del vestirsi per una persona affetta da Alzheimer.","robots":{"index":"index","follow":"follow","max-snippet":"max-snippet:-1","max-image-preview":"max-image-preview:large","max-video-preview":"max-video-preview:-1"},"canonical":"https:\/\/carershelp.com\/it\/vestire-chi-soffre-di-alzheimer-un-gesto-di-cura\/","og_locale":"it_IT","og_type":"article","og_title":"[:en]Dressing people with Alzheimer\u2019s: an act of care[:it]Vestire chi soffre di Alzheimer: un gesto di cura[:] - Carers Help","og_description":"[:en]Scopri come vestire un anziano con demenza o alzheimers in modo semplice e rispettoso: consigli pratici per favorire autonomia, comfort e serenit\u00e0, riducendo stress e difficolt\u00e0 nella routine quotidiana.[:it]Guida pratica per caregiver familiari e professionali per rendere pi\u00f9 sereno il momento del vestirsi per una persona affetta da Alzheimer.[:]","og_url":"https:\/\/carershelp.com\/it\/vestire-chi-soffre-di-alzheimer-un-gesto-di-cura\/","og_site_name":"Carers Help","article_published_time":"2026-04-28T12:33:47+00:00","article_modified_time":"2026-04-28T13:04:33+00:00","og_image":[{"width":2560,"height":1707,"url":"https:\/\/carershelp.com\/wp-content\/uploads\/2026\/04\/Depositphotos_611760382_XL-scaled.jpg","type":"image\/jpeg"}],"author":"Romina Sarcletti","twitter_card":"summary_large_image","twitter_misc":{"Scritto da":"Romina Sarcletti","Tempo di lettura stimato":"4 minuti"},"schema":{"@context":"https:\/\/schema.org","@graph":[{"@type":"WebPage","@id":"https:\/\/carershelp.com\/vestire-chi-soffre-di-alzheimer-un-gesto-di-cura\/","url":"https:\/\/carershelp.com\/vestire-chi-soffre-di-alzheimer-un-gesto-di-cura\/","name":"Vestire chi soffre di Alzheimer: un gesto di cura","isPartOf":{"@id":"https:\/\/carershelp.com\/#website"},"primaryImageOfPage":{"@id":"https:\/\/carershelp.com\/vestire-chi-soffre-di-alzheimer-un-gesto-di-cura\/#primaryimage"},"image":{"@id":"https:\/\/carershelp.com\/vestire-chi-soffre-di-alzheimer-un-gesto-di-cura\/#primaryimage"},"thumbnailUrl":"https:\/\/carershelp.com\/wp-content\/uploads\/2026\/04\/Depositphotos_611760382_XL-scaled.jpg","datePublished":"2026-04-28T12:33:47+00:00","dateModified":"2026-04-28T13:04:33+00:00","author":{"@id":"https:\/\/carershelp.com\/#\/schema\/person\/86f43778c849c89cf779ecca3af20f02"},"description":"Guida pratica per caregiver familiari e professionali per rendere pi\u00f9 sereno il momento del vestirsi per una persona affetta da Alzheimer.","breadcrumb":{"@id":"https:\/\/carershelp.com\/vestire-chi-soffre-di-alzheimer-un-gesto-di-cura\/#breadcrumb"},"inLanguage":"it-IT","potentialAction":[{"@type":"ReadAction","target":["https:\/\/carershelp.com\/vestire-chi-soffre-di-alzheimer-un-gesto-di-cura\/"]}]},{"@type":"ImageObject","inLanguage":"it-IT","@id":"https:\/\/carershelp.com\/vestire-chi-soffre-di-alzheimer-un-gesto-di-cura\/#primaryimage","url":"https:\/\/carershelp.com\/wp-content\/uploads\/2026\/04\/Depositphotos_611760382_XL-scaled.jpg","contentUrl":"https:\/\/carershelp.com\/wp-content\/uploads\/2026\/04\/Depositphotos_611760382_XL-scaled.jpg","width":2560,"height":1707},{"@type":"BreadcrumbList","@id":"https:\/\/carershelp.com\/vestire-chi-soffre-di-alzheimer-un-gesto-di-cura\/#breadcrumb","itemListElement":[{"@type":"ListItem","position":1,"name":"Home","item":"https:\/\/carershelp.com\/it\/"},{"@type":"ListItem","position":2,"name":"Dressing people with Alzheimer\u2019s: an act of care"}]},{"@type":"WebSite","@id":"https:\/\/carershelp.com\/#website","url":"https:\/\/carershelp.com\/","name":"Carers Help","description":"","potentialAction":[{"@type":"SearchAction","target":{"@type":"EntryPoint","urlTemplate":"https:\/\/carershelp.com\/?s={search_term_string}"},"query-input":{"@type":"PropertyValueSpecification","valueRequired":true,"valueName":"search_term_string"}}],"inLanguage":"it-IT"},{"@type":"Person","@id":"https:\/\/carershelp.com\/#\/schema\/person\/86f43778c849c89cf779ecca3af20f02","name":"Romina Sarcletti","image":{"@type":"ImageObject","inLanguage":"it-IT","@id":"https:\/\/carershelp.com\/#\/schema\/person\/image\/","url":"https:\/\/secure.gravatar.com\/avatar\/ebd734a6f3e0092b6c1ea946a644158d155f84eb8c5de49d325460f59a8fc2eb?s=96&d=mm&r=g","contentUrl":"https:\/\/secure.gravatar.com\/avatar\/ebd734a6f3e0092b6c1ea946a644158d155f84eb8c5de49d325460f59a8fc2eb?s=96&d=mm&r=g","caption":"Romina Sarcletti"},"sameAs":["https:\/\/carershelp.com"],"url":"https:\/\/carershelp.com\/it\/author\/carers_admin\/"}]}},"_links":{"self":[{"href":"https:\/\/carershelp.com\/it\/wp-json\/wp\/v2\/posts\/912","targetHints":{"allow":["GET"]}}],"collection":[{"href":"https:\/\/carershelp.com\/it\/wp-json\/wp\/v2\/posts"}],"about":[{"href":"https:\/\/carershelp.com\/it\/wp-json\/wp\/v2\/types\/post"}],"author":[{"embeddable":true,"href":"https:\/\/carershelp.com\/it\/wp-json\/wp\/v2\/users\/1"}],"replies":[{"embeddable":true,"href":"https:\/\/carershelp.com\/it\/wp-json\/wp\/v2\/comments?post=912"}],"version-history":[{"count":3,"href":"https:\/\/carershelp.com\/it\/wp-json\/wp\/v2\/posts\/912\/revisions"}],"predecessor-version":[{"id":918,"href":"https:\/\/carershelp.com\/it\/wp-json\/wp\/v2\/posts\/912\/revisions\/918"}],"wp:featuredmedia":[{"embeddable":true,"href":"https:\/\/carershelp.com\/it\/wp-json\/wp\/v2\/media\/913"}],"wp:attachment":[{"href":"https:\/\/carershelp.com\/it\/wp-json\/wp\/v2\/media?parent=912"}],"wp:term":[{"taxonomy":"category","embeddable":true,"href":"https:\/\/carershelp.com\/it\/wp-json\/wp\/v2\/categories?post=912"},{"taxonomy":"post_tag","embeddable":true,"href":"https:\/\/carershelp.com\/it\/wp-json\/wp\/v2\/tags?post=912"}],"curies":[{"name":"wp","href":"https:\/\/api.w.org\/{rel}","templated":true}]}}