{"id":920,"date":"2026-05-01T13:02:00","date_gmt":"2026-05-01T13:02:00","guid":{"rendered":"https:\/\/carershelp.com\/it\/?p=920"},"modified":"2026-05-01T13:02:00","modified_gmt":"2026-05-01T13:02:00","slug":"quando-finisce-lassistenza-il-silenzio-che-nessuno-racconta","status":"publish","type":"post","link":"https:\/\/carershelp.com\/it\/quando-finisce-lassistenza-il-silenzio-che-nessuno-racconta\/","title":{"rendered":"Quando finisce l\u2019assistenza: il silenzio che nessuno racconta"},"content":{"rendered":"<p><span style=\"font-weight: 400;\">La maggior parte delle persone pensa che la parte pi\u00f9 difficile dell\u2019assistenza finisca quando l\u2019assistenza stessa termina. \u00c8 una convinzione diffusa, quasi rassicurante: dopo mesi o anni di fatica, veglie notturne, decisioni difficili e responsabilit\u00e0 costanti, dovrebbe arrivare il momento di respirare.<\/span><\/p>\n<p><strong>Ma per molti, ci\u00f2 che viene dopo \u00e8 pi\u00f9 difficile di qualsiasi cosa abbiano affrontato prima.<\/strong><\/p>\n<p><span style=\"font-weight: 400;\">La verit\u00e0 \u00e8 che nessuno prepara davvero le persone a il dopo.<\/span><\/p>\n<p><span style=\"font-weight: 400;\">Esiste qualcosa che spesso rimane senza nome, senza spazio e senza riconoscimento: <strong>la sindrome post-caregiving<\/strong>. Non \u00e8 una diagnosi ufficiale per tutti, ma \u00e8 un\u2019esperienza profondamente reale per chi l\u2019ha vissuta. \u00c8 quella ondata improvvisa e destabilizzante di disorientamento, vuoto e dolore che pu\u00f2 emergere mesi o persino anni dopo la fine di un periodo di caregiving intenso.<\/span><\/p>\n<p><span style=\"font-weight: 400;\">Durante l\u2019assistenza, ogni giornata aveva una struttura precisa. Ogni gesto, ogni decisione, ogni pensiero era orientato verso qualcuno. Il tempo non era mai davvero proprio, ma aveva un senso chiaro. Poi, improvvisamente, tutto si interrompe e<\/span><span style=\"font-weight: 400;\">\u00a0non c\u2019\u00e8 nulla a sostituirlo.<\/span><\/p>\n<p><span style=\"font-weight: 400;\">Molti ex caregiver raccontano che questo passaggio \u00e8 pi\u00f9 destabilizzante dell\u2019assistenza stessa. Non perch\u00e9 l\u2019assistenza fosse facile, ma perch\u00e9 almeno offriva una direzione. Dopo, invece, resta uno spazio vuoto difficile da abitare.<\/span><\/p>\n<p><span style=\"font-weight: 400;\">L\u2019ipervigilanza che li ha tenuti attivi per anni \u2014 quella tensione costante, quell\u2019attenzione continua ai segnali, ai bisogni, alle emergenze \u2014 non ha pi\u00f9 dove riversarsi. Il corpo e la mente, abituati a uno stato di allerta permanente, non sanno semplicemente \u201cspegnersi\u201d.<\/span><\/p>\n<p><span style=\"font-weight: 400;\">E cos\u00ec arriva il silenzio, u<\/span><span style=\"font-weight: 400;\">n silenzio che spesso \u00e8 pi\u00f9 assordante di qualsiasi crisi.<\/span><\/p>\n<p><span style=\"font-weight: 400;\">A questo si aggiunge un aspetto ancora meno visibile: il corpo presenta il conto. Nei 12-24 mesi successivi alla fine dell\u2019assistenza, molti ex caregiver sperimentano livelli pi\u00f9 elevati di depressione, stress e sintomi cardiovascolari. \u00c8 come se tutto ci\u00f2 che \u00e8 stato trattenuto durante l\u2019emergenza emergesse all\u2019improvviso, quando \u201csi potrebbe stare meglio\u201d.<\/span><\/p>\n<p><span style=\"font-weight: 400;\">Ma non \u00e8 cos\u00ec semplice, p<\/span><span style=\"font-weight: 400;\">erch\u00e9 ci\u00f2 che si perde non \u00e8 solo una persona:<\/span><\/p>\n<ul>\n<li style=\"font-weight: 400;\" aria-level=\"1\"><span style=\"font-weight: 400;\">Si perde un ruolo.<\/span><\/li>\n<li style=\"font-weight: 400;\" aria-level=\"1\"><span style=\"font-weight: 400;\">Si perde una routine.<\/span><\/li>\n<li style=\"font-weight: 400;\" aria-level=\"1\"><span style=\"font-weight: 400;\">Si perde una versione di s\u00e9 stessi.<\/span><\/li>\n<\/ul>\n<p><span style=\"font-weight: 400;\">Gli specialisti nel supporto all\u2019elaborazione del lutto lo sanno bene: la perdita del caregiver che finisce la sua guardia non rientra nei modelli standard. Non \u00e8 solo la fine di una relazione, ma anche la fine di una missione quotidiana che aveva ridefinito completamente la loro identit\u00e0.<\/span><\/p>\n<p><span style=\"font-weight: 400;\">Senza riconoscimento, senza parole, senza preparazione, tutto questo pu\u00f2 diventare ancora pi\u00f9 difficile da attraversare.<\/span><\/p>\n<p><span style=\"font-weight: 400;\">Eppure, c\u2019\u00e8 una cosa che pu\u00f2 fare la differenza: Sapere.<\/span><\/p>\n<ul>\n<li style=\"font-weight: 400;\" aria-level=\"1\"><span style=\"font-weight: 400;\">Sapere che pu\u00f2 succedere.<\/span><\/li>\n<li style=\"font-weight: 400;\" aria-level=\"1\"><span style=\"font-weight: 400;\">Sapere che non \u00e8 debolezza.<\/span><\/li>\n<li style=\"font-weight: 400;\" aria-level=\"1\"><span style=\"font-weight: 400;\">Sapere che quel vuoto ha un nome, anche se non sempre ufficiale.<\/span><\/li>\n<li style=\"font-weight: 400;\" aria-level=\"1\"><span style=\"font-weight: 400;\">Sapere che altri lo hanno vissuto.<\/span><\/li>\n<\/ul>\n<p><span style=\"font-weight: 400;\">Si pu\u00f2 sopravvivere a questa fase. Si pu\u00f2 ricostruire un senso, una direzione, una nuova identit\u00e0. Ma \u00e8 molto pi\u00f9 facile farlo quando qualcuno, prima, ti dice la verit\u00e0:<\/span><\/p>\n<p><span style=\"font-weight: 400;\">che <strong><em>la fine dell\u2019assistenza non \u00e8 la fine del percorso, ma spesso, l\u2019inizio di un altro e che non sei il solo ad attraversalo.<\/em><\/strong><\/span><\/p>\n<p>&nbsp;<\/p>\n","protected":false},"excerpt":{"rendered":"<p>La maggior parte delle persone pensa che la parte pi\u00f9 difficile dell\u2019assistenza finisca quando l\u2019assistenza stessa termina. \u00c8 una convinzione diffusa, quasi rassicurante: dopo mesi o anni di fatica, veglie notturne, decisioni difficili e responsabilit\u00e0 costanti, dovrebbe arrivare il momento di respirare. Ma per molti, ci\u00f2 che viene dopo \u00e8 pi\u00f9 difficile di qualsiasi cosa&hellip; <a class=\"more-link\" href=\"https:\/\/carershelp.com\/it\/quando-finisce-lassistenza-il-silenzio-che-nessuno-racconta\/\">Continua a leggere <span class=\"screen-reader-text\">Quando finisce l\u2019assistenza: il silenzio che nessuno racconta<\/span><\/a><\/p>\n","protected":false},"author":1,"featured_media":921,"comment_status":"open","ping_status":"open","sticky":false,"template":"","format":"gallery","meta":{"_acf_changed":false,"inline_featured_image":false,"footnotes":""},"categories":[1],"tags":[99,143,142,141,140,139],"class_list":["post-920","post","type-post","status-publish","format-gallery","has-post-thumbnail","hentry","category-articles-news","tag-caregiving","tag-alzhemer","tag-caregiver-support","tag-my-watch-has-ended","tag-post-caregiving-sindrome","tag-post-caregiving-syndom","post_format-post-format-gallery","entry"],"acf":[],"yoast_head":"<!-- This site is optimized with the Yoast SEO plugin v26.6 - https:\/\/yoast.com\/wordpress\/plugins\/seo\/ -->\n<title>Quando finisce l\u2019assistenza: il silenzio che nessuno racconta<\/title>\n<meta name=\"description\" content=\"Quando finisce l\u2019assistenza, molti caregiver affrontano un vuoto profondo e inaspettato. Scopri cos\u2019\u00e8 la sindrome post-caregiving e perch\u00e9 nessuno ne parla.\" \/>\n<meta name=\"robots\" content=\"index, follow, max-snippet:-1, max-image-preview:large, max-video-preview:-1\" \/>\n<link rel=\"canonical\" href=\"https:\/\/carershelp.com\/it\/quando-finisce-lassistenza-il-silenzio-che-nessuno-racconta\/\" \/>\n<meta property=\"og:locale\" content=\"it_IT\" \/>\n<meta property=\"og:locale:alternate\" content=\"en_AU\" \/>\n<meta property=\"og:locale:alternate\" content=\"de_DE\" \/>\n<meta property=\"og:locale:alternate\" content=\"es_ES\" \/>\n<meta property=\"og:locale:alternate\" content=\"ro_RO\" \/>\n<meta property=\"og:type\" content=\"article\" \/>\n<meta property=\"og:title\" content=\"Quando finisce l\u2019assistenza: il silenzio che nessuno racconta\" \/>\n<meta property=\"og:description\" content=\"Quando finisce l\u2019assistenza, molti caregiver affrontano un vuoto profondo e inaspettato. Scopri cos\u2019\u00e8 la sindrome post-caregiving e perch\u00e9 nessuno ne parla.\" \/>\n<meta property=\"og:url\" content=\"https:\/\/carershelp.com\/it\/quando-finisce-lassistenza-il-silenzio-che-nessuno-racconta\/\" \/>\n<meta property=\"og:site_name\" content=\"Carers Help\" \/>\n<meta property=\"article:published_time\" content=\"2026-05-01T13:02:00+00:00\" \/>\n<meta property=\"og:image\" content=\"https:\/\/carershelp.com\/wp-content\/uploads\/2026\/05\/Depositphotos_450371748_XL-scaled.jpg\" \/>\n\t<meta property=\"og:image:width\" content=\"2560\" \/>\n\t<meta property=\"og:image:height\" content=\"1707\" \/>\n\t<meta property=\"og:image:type\" content=\"image\/jpeg\" \/>\n<meta name=\"author\" content=\"Romina Sarcletti\" \/>\n<meta name=\"twitter:card\" content=\"summary_large_image\" \/>\n<meta name=\"twitter:label1\" content=\"Scritto da\" \/>\n\t<meta name=\"twitter:data1\" content=\"Romina Sarcletti\" \/>\n\t<meta name=\"twitter:label2\" content=\"Tempo di lettura stimato\" \/>\n\t<meta name=\"twitter:data2\" content=\"3 minuti\" \/>\n<script type=\"application\/ld+json\" class=\"yoast-schema-graph\">{\"@context\":\"https:\/\/schema.org\",\"@graph\":[{\"@type\":\"WebPage\",\"@id\":\"https:\/\/carershelp.com\/it\/quando-finisce-lassistenza-il-silenzio-che-nessuno-racconta\/\",\"url\":\"https:\/\/carershelp.com\/it\/quando-finisce-lassistenza-il-silenzio-che-nessuno-racconta\/\",\"name\":\"Quando finisce l\u2019assistenza: il silenzio che nessuno racconta\",\"isPartOf\":{\"@id\":\"https:\/\/carershelp.com\/#website\"},\"primaryImageOfPage\":{\"@id\":\"https:\/\/carershelp.com\/it\/quando-finisce-lassistenza-il-silenzio-che-nessuno-racconta\/#primaryimage\"},\"image\":{\"@id\":\"https:\/\/carershelp.com\/it\/quando-finisce-lassistenza-il-silenzio-che-nessuno-racconta\/#primaryimage\"},\"thumbnailUrl\":\"https:\/\/carershelp.com\/wp-content\/uploads\/2026\/05\/Depositphotos_450371748_XL-scaled.jpg\",\"datePublished\":\"2026-05-01T13:02:00+00:00\",\"author\":{\"@id\":\"https:\/\/carershelp.com\/#\/schema\/person\/86f43778c849c89cf779ecca3af20f02\"},\"description\":\"Quando finisce l\u2019assistenza, molti caregiver affrontano un vuoto profondo e inaspettato. Scopri cos\u2019\u00e8 la sindrome post-caregiving e perch\u00e9 nessuno ne parla.\",\"breadcrumb\":{\"@id\":\"https:\/\/carershelp.com\/it\/quando-finisce-lassistenza-il-silenzio-che-nessuno-racconta\/#breadcrumb\"},\"inLanguage\":\"it-IT\",\"potentialAction\":[{\"@type\":\"ReadAction\",\"target\":[\"https:\/\/carershelp.com\/it\/quando-finisce-lassistenza-il-silenzio-che-nessuno-racconta\/\"]}]},{\"@type\":\"ImageObject\",\"inLanguage\":\"it-IT\",\"@id\":\"https:\/\/carershelp.com\/it\/quando-finisce-lassistenza-il-silenzio-che-nessuno-racconta\/#primaryimage\",\"url\":\"https:\/\/carershelp.com\/wp-content\/uploads\/2026\/05\/Depositphotos_450371748_XL-scaled.jpg\",\"contentUrl\":\"https:\/\/carershelp.com\/wp-content\/uploads\/2026\/05\/Depositphotos_450371748_XL-scaled.jpg\",\"width\":2560,\"height\":1707},{\"@type\":\"BreadcrumbList\",\"@id\":\"https:\/\/carershelp.com\/it\/quando-finisce-lassistenza-il-silenzio-che-nessuno-racconta\/#breadcrumb\",\"itemListElement\":[{\"@type\":\"ListItem\",\"position\":1,\"name\":\"Home\",\"item\":\"https:\/\/carershelp.com\/it\/\"},{\"@type\":\"ListItem\",\"position\":2,\"name\":\"Quando finisce l\u2019assistenza: il silenzio che nessuno racconta\"}]},{\"@type\":\"WebSite\",\"@id\":\"https:\/\/carershelp.com\/#website\",\"url\":\"https:\/\/carershelp.com\/\",\"name\":\"Carers Help\",\"description\":\"\",\"potentialAction\":[{\"@type\":\"SearchAction\",\"target\":{\"@type\":\"EntryPoint\",\"urlTemplate\":\"https:\/\/carershelp.com\/?s={search_term_string}\"},\"query-input\":{\"@type\":\"PropertyValueSpecification\",\"valueRequired\":true,\"valueName\":\"search_term_string\"}}],\"inLanguage\":\"it-IT\"},{\"@type\":\"Person\",\"@id\":\"https:\/\/carershelp.com\/#\/schema\/person\/86f43778c849c89cf779ecca3af20f02\",\"name\":\"Romina Sarcletti\",\"image\":{\"@type\":\"ImageObject\",\"inLanguage\":\"it-IT\",\"@id\":\"https:\/\/carershelp.com\/#\/schema\/person\/image\/\",\"url\":\"https:\/\/secure.gravatar.com\/avatar\/ebd734a6f3e0092b6c1ea946a644158d155f84eb8c5de49d325460f59a8fc2eb?s=96&d=mm&r=g\",\"contentUrl\":\"https:\/\/secure.gravatar.com\/avatar\/ebd734a6f3e0092b6c1ea946a644158d155f84eb8c5de49d325460f59a8fc2eb?s=96&d=mm&r=g\",\"caption\":\"Romina Sarcletti\"},\"sameAs\":[\"https:\/\/carershelp.com\"],\"url\":\"https:\/\/carershelp.com\/it\/author\/carers_admin\/\"}]}<\/script>\n<!-- \/ Yoast SEO plugin. -->","yoast_head_json":{"title":"Quando finisce l\u2019assistenza: il silenzio che nessuno racconta","description":"Quando finisce l\u2019assistenza, molti caregiver affrontano un vuoto profondo e inaspettato. Scopri cos\u2019\u00e8 la sindrome post-caregiving e perch\u00e9 nessuno ne parla.","robots":{"index":"index","follow":"follow","max-snippet":"max-snippet:-1","max-image-preview":"max-image-preview:large","max-video-preview":"max-video-preview:-1"},"canonical":"https:\/\/carershelp.com\/it\/quando-finisce-lassistenza-il-silenzio-che-nessuno-racconta\/","og_locale":"it_IT","og_type":"article","og_title":"[:en]Auto Draft[:it]Quando finisce l\u2019assistenza: il silenzio che nessuno racconta[:] - Carers Help","og_description":"[:it]Quando finisce l\u2019assistenza, molti caregiver affrontano un vuoto profondo e inaspettato. Scopri cos\u2019\u00e8 la sindrome post-caregiving e perch\u00e9 nessuno ne parla.[:]","og_url":"https:\/\/carershelp.com\/it\/quando-finisce-lassistenza-il-silenzio-che-nessuno-racconta\/","og_site_name":"Carers Help","article_published_time":"2026-05-01T13:02:00+00:00","og_image":[{"width":2560,"height":1707,"url":"https:\/\/carershelp.com\/wp-content\/uploads\/2026\/05\/Depositphotos_450371748_XL-scaled.jpg","type":"image\/jpeg"}],"author":"Romina Sarcletti","twitter_card":"summary_large_image","twitter_misc":{"Scritto da":"Romina Sarcletti","Tempo di lettura stimato":"3 minuti"},"schema":{"@context":"https:\/\/schema.org","@graph":[{"@type":"WebPage","@id":"https:\/\/carershelp.com\/it\/quando-finisce-lassistenza-il-silenzio-che-nessuno-racconta\/","url":"https:\/\/carershelp.com\/it\/quando-finisce-lassistenza-il-silenzio-che-nessuno-racconta\/","name":"Quando finisce l\u2019assistenza: il silenzio che nessuno racconta","isPartOf":{"@id":"https:\/\/carershelp.com\/#website"},"primaryImageOfPage":{"@id":"https:\/\/carershelp.com\/it\/quando-finisce-lassistenza-il-silenzio-che-nessuno-racconta\/#primaryimage"},"image":{"@id":"https:\/\/carershelp.com\/it\/quando-finisce-lassistenza-il-silenzio-che-nessuno-racconta\/#primaryimage"},"thumbnailUrl":"https:\/\/carershelp.com\/wp-content\/uploads\/2026\/05\/Depositphotos_450371748_XL-scaled.jpg","datePublished":"2026-05-01T13:02:00+00:00","author":{"@id":"https:\/\/carershelp.com\/#\/schema\/person\/86f43778c849c89cf779ecca3af20f02"},"description":"Quando finisce l\u2019assistenza, molti caregiver affrontano un vuoto profondo e inaspettato. Scopri cos\u2019\u00e8 la sindrome post-caregiving e perch\u00e9 nessuno ne parla.","breadcrumb":{"@id":"https:\/\/carershelp.com\/it\/quando-finisce-lassistenza-il-silenzio-che-nessuno-racconta\/#breadcrumb"},"inLanguage":"it-IT","potentialAction":[{"@type":"ReadAction","target":["https:\/\/carershelp.com\/it\/quando-finisce-lassistenza-il-silenzio-che-nessuno-racconta\/"]}]},{"@type":"ImageObject","inLanguage":"it-IT","@id":"https:\/\/carershelp.com\/it\/quando-finisce-lassistenza-il-silenzio-che-nessuno-racconta\/#primaryimage","url":"https:\/\/carershelp.com\/wp-content\/uploads\/2026\/05\/Depositphotos_450371748_XL-scaled.jpg","contentUrl":"https:\/\/carershelp.com\/wp-content\/uploads\/2026\/05\/Depositphotos_450371748_XL-scaled.jpg","width":2560,"height":1707},{"@type":"BreadcrumbList","@id":"https:\/\/carershelp.com\/it\/quando-finisce-lassistenza-il-silenzio-che-nessuno-racconta\/#breadcrumb","itemListElement":[{"@type":"ListItem","position":1,"name":"Home","item":"https:\/\/carershelp.com\/it\/"},{"@type":"ListItem","position":2,"name":"Quando finisce l\u2019assistenza: il silenzio che nessuno racconta"}]},{"@type":"WebSite","@id":"https:\/\/carershelp.com\/#website","url":"https:\/\/carershelp.com\/","name":"Carers Help","description":"","potentialAction":[{"@type":"SearchAction","target":{"@type":"EntryPoint","urlTemplate":"https:\/\/carershelp.com\/?s={search_term_string}"},"query-input":{"@type":"PropertyValueSpecification","valueRequired":true,"valueName":"search_term_string"}}],"inLanguage":"it-IT"},{"@type":"Person","@id":"https:\/\/carershelp.com\/#\/schema\/person\/86f43778c849c89cf779ecca3af20f02","name":"Romina Sarcletti","image":{"@type":"ImageObject","inLanguage":"it-IT","@id":"https:\/\/carershelp.com\/#\/schema\/person\/image\/","url":"https:\/\/secure.gravatar.com\/avatar\/ebd734a6f3e0092b6c1ea946a644158d155f84eb8c5de49d325460f59a8fc2eb?s=96&d=mm&r=g","contentUrl":"https:\/\/secure.gravatar.com\/avatar\/ebd734a6f3e0092b6c1ea946a644158d155f84eb8c5de49d325460f59a8fc2eb?s=96&d=mm&r=g","caption":"Romina Sarcletti"},"sameAs":["https:\/\/carershelp.com"],"url":"https:\/\/carershelp.com\/it\/author\/carers_admin\/"}]}},"_links":{"self":[{"href":"https:\/\/carershelp.com\/it\/wp-json\/wp\/v2\/posts\/920","targetHints":{"allow":["GET"]}}],"collection":[{"href":"https:\/\/carershelp.com\/it\/wp-json\/wp\/v2\/posts"}],"about":[{"href":"https:\/\/carershelp.com\/it\/wp-json\/wp\/v2\/types\/post"}],"author":[{"embeddable":true,"href":"https:\/\/carershelp.com\/it\/wp-json\/wp\/v2\/users\/1"}],"replies":[{"embeddable":true,"href":"https:\/\/carershelp.com\/it\/wp-json\/wp\/v2\/comments?post=920"}],"version-history":[{"count":1,"href":"https:\/\/carershelp.com\/it\/wp-json\/wp\/v2\/posts\/920\/revisions"}],"predecessor-version":[{"id":922,"href":"https:\/\/carershelp.com\/it\/wp-json\/wp\/v2\/posts\/920\/revisions\/922"}],"wp:featuredmedia":[{"embeddable":true,"href":"https:\/\/carershelp.com\/it\/wp-json\/wp\/v2\/media\/921"}],"wp:attachment":[{"href":"https:\/\/carershelp.com\/it\/wp-json\/wp\/v2\/media?parent=920"}],"wp:term":[{"taxonomy":"category","embeddable":true,"href":"https:\/\/carershelp.com\/it\/wp-json\/wp\/v2\/categories?post=920"},{"taxonomy":"post_tag","embeddable":true,"href":"https:\/\/carershelp.com\/it\/wp-json\/wp\/v2\/tags?post=920"}],"curies":[{"name":"wp","href":"https:\/\/api.w.org\/{rel}","templated":true}]}}